[{"@context":"https:\/\/schema.org\/","@type":"Article","@id":"https:\/\/www.34r.cz\/jak-sladit-krajku-a-styl-svatebnich-satu\/#Article","mainEntityOfPage":"https:\/\/www.34r.cz\/jak-sladit-krajku-a-styl-svatebnich-satu\/","headline":"Jak sladit krajku a styl svatebn\u00edch \u0161at\u016f","name":"Jak sladit krajku a styl svatebn\u00edch \u0161at\u016f","description":"Svatba je pro ka\u017edou \u017eenu velmi v\u00fdznamn\u00fd okam\u017eik. Pro mnoh\u00e9 jedine\u010dn\u00fd krok, p\u0159elomov\u00e1 chv\u00edle a opravdov\u00e1 slavnost. Je to tak\u00e9 ud\u00e1lost, p\u0159i kter\u00e9 v\u0161ichni oslavuj\u00ed &hellip; ","datePublished":"2022-03-31","dateModified":"2023-06-14","author":{"@type":"Person","@id":"https:\/\/www.34r.cz\/author\/#Person","name":"","url":"https:\/\/www.34r.cz\/author\/","identifier":1,"image":{"@type":"ImageObject","@id":"https:\/\/secure.gravatar.com\/avatar\/093836c6bc976bea6a4c3cd39f9136c261430c33201aa865249fef2be34e3fdb?s=96&d=mm&r=g","url":"https:\/\/secure.gravatar.com\/avatar\/093836c6bc976bea6a4c3cd39f9136c261430c33201aa865249fef2be34e3fdb?s=96&d=mm&r=g","height":96,"width":96}},"publisher":{"@type":"Organization","name":"34r.cz","logo":{"@type":"ImageObject","@id":"\/logo.png","url":"\/logo.png","width":600,"height":60}},"image":{"@type":"ImageObject","@id":"https:\/\/www.34r.cz\/wp-content\/uploads\/kv%C4%9Btinov%C3%A1%20krajka.jpg","url":"https:\/\/www.34r.cz\/wp-content\/uploads\/kv%C4%9Btinov%C3%A1%20krajka.jpg","height":0,"width":0},"url":"https:\/\/www.34r.cz\/jak-sladit-krajku-a-styl-svatebnich-satu\/","about":["Www"],"wordCount":399,"articleBody":"        Svatba je pro ka\u017edou \u017eenu velmi v\u00fdznamn\u00fd okam\u017eik. Pro mnoh\u00e9 jedine\u010dn\u00fd krok, p\u0159elomov\u00e1 chv\u00edle a opravdov\u00e1 slavnost. Je to tak\u00e9 ud\u00e1lost, p\u0159i kter\u00e9 v\u0161ichni oslavuj\u00ed nev\u011bstu, nemohou se na ni vynad\u00edvat, d\u011bti b\u011bhaj\u00ed kolem a nev\u011bsta je pro n\u011b princeznou. A niv v\u00e1m nesm\u00ed br\u00e1nit v tom, abyste se tak i c\u00edtila. Je to v\u00e1\u0161 den. Proto i svatebn\u00ed \u0161aty musej\u00ed b\u00fdt dokonal\u00e9. Takov\u00e9, jak\u00e9 si vysn\u00edte, v jak\u00fdch se budete c\u00edtit opravdu dob\u0159e, v\u00fdjime\u010dn\u011b a luxusn\u011b.Pokud si nech\u00e1te u\u0161\u00edt \u0161aty na m\u00edru, odpadne v\u00e1m proch\u00e1zen\u00ed des\u00edtek svatebn\u00edch salon\u016f, kde si budete zkou\u0161et mnohokr\u00e1t pou\u017eit\u00e9 \u0161aty po n\u011bkom jako kost\u00fdm na ma\u0161karn\u00ed ples\u2026 Odpadne v\u00e1m starost o originalitu, proto\u017ee takov\u00e9 \u0161aty jako vy nikdo jin\u00fd m\u00edt nebude. A tak\u00e9 se v \u0161atech z kvalitn\u00edch materi\u00e1l\u016f budete c\u00edtit daleko l\u00e9pe a pohodln\u011bji. Mo\u017en\u00e1 jste si u\u017e \u0161aty vybrala, mo\u017en\u00e1 je\u0161t\u011b v\u00e1h\u00e1te a kombinujete.A p\u0159i\u0161la na \u0159adu krajka. Krajka je ozdobou, bez n\u00ed\u017e se obejdou jen ty nejv\u00edce stroh\u00e9 \u0161aty jednoduch\u00fdch lini\u00ed a minimalistick\u00e9ho st\u0159ihu a typu. Krajka svatebn\u00ed \u0161aty ozdob\u00ed, pozdvihne nen\u00e1siln\u011b kr\u00e1su l\u00e1tek a zn\u011b\u017en\u00ed linii ruk\u00e1v\u016f, dekoltu \u010di v\u011bt\u0161\u00edch ploch.Jakou krajku si vybrat Svatebni-saty-spolecenske-plesove.cz nab\u00edz\u00ed t\u0159i skupiny krajek. M\u016f\u017eeme vyb\u00edrat z bohat\u00e9, romantick\u00e9 krajky, kter\u00e1 se hod\u00ed pro zdoben\u00e9, \u0159asen\u00e9 \u0161aty, ve kter\u00fdch se budete c\u00edtit jako princezna z poh\u00e1dky. Kr\u00e1sn\u011b je dopl\u0148uje v\u00fdrazn\u00fdmi kv\u011btinov\u00fdmi motivy a m\u016f\u017ee b\u00fdt v b\u00edl\u00e9, smetanov\u00e9 \u010di st\u0159\u00edbrn\u00e9 barv\u011b. Dal\u0161\u00ed kategori\u00ed je klasick\u00e1 krajka francouzsk\u00e1. je to krajka vynikaj\u00edc\u00ed svou eleganc\u00ed a \u0161armem. Hod\u00ed se nap\u0159\u00edklad pro n\u011b\u017en\u00e9 ruk\u00e1vy k va\u0161im elegantn\u00edm svatebn\u00edm \u0161at\u016fm. Ale samoz\u0159ejm\u011b i jinam. A pak je zde ka v\u00fdb\u011br je\u0161t\u011b krajka pali\u010dkovan\u00e1, kter\u00e1 kr\u00e1sn\u011b dopl\u0148uje trendy \u201cboho\u201d styl svatebn\u00edch \u0161at\u016f. To jsou krajky pro v\u00edlu, kter\u00e1 ct\u00ed tradice a p\u0159\u00edrodu a uvoln\u011bn\u011b a z\u00e1rove\u0148 divoce propojuje folkl\u00f3r a modern\u00ed dobu.                                                                                                                                                                                                                                                                                                                                                                                           3.7\/5 - (3 votes)        "},{"@context":"https:\/\/schema.org\/","@type":"BreadcrumbList","itemListElement":[{"@type":"ListItem","position":1,"name":"Jak sladit krajku a styl svatebn\u00edch \u0161at\u016f","item":"https:\/\/www.34r.cz\/jak-sladit-krajku-a-styl-svatebnich-satu\/#breadcrumbitem"}]}]