[{"@context":"https:\/\/schema.org\/","@type":"Article","@id":"https:\/\/www.34r.cz\/jean-paul-belmondo-vzpomina\/#Article","mainEntityOfPage":"https:\/\/www.34r.cz\/jean-paul-belmondo-vzpomina\/","headline":"Jean-Paul Belmondo vzpom\u00edn\u00e1","name":"Jean-Paul Belmondo vzpom\u00edn\u00e1","description":"Ikona francouzsk\u00e9 kinematografie oslav\u00ed v&nbsp;leto\u0161n\u00edm roce ji\u017e p\u011btaosmdes\u00e1t\u00e9 narozeniny. Na podzim lo\u0148sk\u00e9ho roku u n\u00e1s vy\u0161ly o B\u00e9belovi hned dv\u011b knihy nar\u00e1z. Tou prvn\u00ed je &hellip; ","datePublished":"2020-09-26","dateModified":"2023-06-14","author":{"@type":"Person","@id":"https:\/\/www.34r.cz\/author\/#Person","name":"","url":"https:\/\/www.34r.cz\/author\/","identifier":1,"image":{"@type":"ImageObject","@id":"https:\/\/secure.gravatar.com\/avatar\/093836c6bc976bea6a4c3cd39f9136c261430c33201aa865249fef2be34e3fdb?s=96&d=mm&r=g","url":"https:\/\/secure.gravatar.com\/avatar\/093836c6bc976bea6a4c3cd39f9136c261430c33201aa865249fef2be34e3fdb?s=96&d=mm&r=g","height":96,"width":96}},"publisher":{"@type":"Organization","name":"34r.cz","logo":{"@type":"ImageObject","@id":"\/logo.png","url":"\/logo.png","width":600,"height":60}},"image":{"@type":"ImageObject","@id":"https:\/\/www.34r.cz\/wp-content\/uploads\/img_a304643_w2020_t1515702013.jpg","url":"https:\/\/www.34r.cz\/wp-content\/uploads\/img_a304643_w2020_t1515702013.jpg","height":0,"width":0},"url":"https:\/\/www.34r.cz\/jean-paul-belmondo-vzpomina\/","about":["Mu\u017ei"],"wordCount":447,"articleBody":"Ikona francouzsk\u00e9 kinematografie oslav\u00ed v&nbsp;leto\u0161n\u00edm roce ji\u017e p\u011btaosmdes\u00e1t\u00e9 narozeniny. Na podzim lo\u0148sk\u00e9ho roku u n\u00e1s vy\u0161ly o B\u00e9belovi hned dv\u011b knihy nar\u00e1z. Tou prvn\u00ed je naprosto v\u00fdjime\u010dn\u00e1 publikace pln\u00e1 fotografi\u00ed z&nbsp;hercova \u017eivota. N\u00e1zev titulu je v\u00fdmluvn\u00fd: Belmondo o Belmondovi.Autobiografie pln\u00e1 rozmanit\u00fdch fotografi\u00edHerec v n\u00ed p\u0159edstavuje fotografie jak z&nbsp;osobn\u00edho archivu, kter\u00e9 dosud nebyly nikde publikov\u00e1ny, tak fotografie \u0159ady sv\u011btov\u00fdch filmov\u00fdch agentur. Na fotografi\u00edch jsou zachyceny hercovy filmov\u00e9 prom\u011bny, do srdc\u00ed div\u00e1k\u016f po cel\u00e9m sv\u011bt\u011b se zapsal jako milovn\u00edk i dobrodruh. Za sv\u016fj \u017eivot odehr\u00e1l \u0159adu komedi\u00e1ln\u00edch i charaktern\u00edch rol\u00ed. Tato charismatick\u00e1 filmov\u00e1 hv\u011bzda m\u011bla v\u0161ak i sv\u016fj soukrom\u00fd \u017eivot. Byl miluj\u00edc\u00edm man\u017eelem, tat\u00ednkem i d\u011bde\u010dkem. Je zn\u00e1mo, \u017ee Belmondo nikdy neto\u010dil o letn\u00edch pr\u00e1zdnin\u00e1ch, aby se mohl pln\u011b v\u011bnovat d\u011btem. Herec m\u011bl se dv\u011bma exman\u017eelkami celkem \u010dty\u0159i d\u011bti, p\u0159i\u010dem\u017e nejstar\u0161\u00ed dcera Patricia zem\u0159ela p\u0159i po\u017e\u00e1ru.Vypr\u00e1v\u011bn\u00ed o \u0161\u0165astn\u00e9m \u017eivot\u011bDruh\u00e1 autobiografie nese n\u00e1zev M\u00fdch tis\u00edc \u017eivot\u016f. V&nbsp;podtitulu t\u00e9to knihy stoj\u00ed, \u017ee jeho \u017eivot byl stejn\u011b rychl\u00fd jako jeho j\u00edzda autem. Na za\u010d\u00e1tku jeho kari\u00e9ry nikdo nep\u0159edpokl\u00e1dal, \u017ee se stane jednou z&nbsp;nejv\u011bt\u0161\u00edch hv\u011bzd nejen francouzsk\u00e9 ale i celosv\u011btov\u00e9 kinematografie, \u017ee jeho filmov\u00fdmi partnerkami budou nejkr\u00e1sn\u011bj\u0161\u00ed here\u010dky sv\u00e9 doby. Zaz\u00e1\u0159il vedle Claudie Cardinalov\u00e9, Sophie Lorenov\u00e9 \u010di Giny Lollobrigidy. D\u00e1le se zde zmi\u0148uje o sv\u00e9 v\u00e1\u0161n\u00ed pro rychl\u00e1 auta, box i t\u0159e\u0161t\u011bn\u00e9 kousky. Nen\u00ed tajemstv\u00edm, \u017ee Belmondo se p\u0159i kaskad\u00e9rsk\u00fdch sc\u00e9n\u00e1ch nenech\u00e1val zastupovat profesion\u00e1ly. \u0158adu sv\u00fdch film\u016f i produkoval, a tak mu v&nbsp;uskakov\u00e1n\u00ed p\u0159ed jedouc\u00edmi auty, lezen\u00edm po st\u0159ech\u00e1ch dom\u016f nemohl a \u017e\u00e1dn\u00e1 poji\u0161\u0165ovna zabr\u00e1nit.Kter\u00e9 filmy s&nbsp;Jean-Paul Belmondem byste si nem\u011bli ur\u010dit\u011b nechat uj\u00edt?&middot;&nbsp;&nbsp;&nbsp;&nbsp;&nbsp;&nbsp;&nbsp;&nbsp; Voln\u00e1 trilogie: Mu\u017e z&nbsp;Ria, Mu\u017e z&nbsp;Honkongu, Mu\u017e z&nbsp;Acapulca&middot;&nbsp;&nbsp;&nbsp;&nbsp;&nbsp;&nbsp;&nbsp;&nbsp; Man\u017eel\u00e9 z&nbsp;roku II&middot;&nbsp;&nbsp;&nbsp;&nbsp;&nbsp;&nbsp;&nbsp;&nbsp; Borsalino&middot;&nbsp;&nbsp;&nbsp;&nbsp;&nbsp;&nbsp;&nbsp;&nbsp; Zv\u00ed\u0159e&middot;&nbsp;&nbsp;&nbsp;&nbsp;&nbsp;&nbsp;&nbsp;&nbsp; Policajt nebo ro\u0161\u0165\u00e1k                                                                                                                                                                                                                                                                                                                                                                                        3.8\/5 - (12 votes)        "},{"@context":"https:\/\/schema.org\/","@type":"BreadcrumbList","itemListElement":[{"@type":"ListItem","position":1,"name":"Jean-Paul Belmondo vzpom\u00edn\u00e1","item":"https:\/\/www.34r.cz\/jean-paul-belmondo-vzpomina\/#breadcrumbitem"}]}]